{"id":3759,"date":"2019-07-10T18:13:57","date_gmt":"2019-07-10T21:13:57","guid":{"rendered":"https:\/\/nexa.homolog.dev.br\/?p=3759"},"modified":"2022-07-25T18:14:43","modified_gmt":"2022-07-25T21:14:43","slug":"pnud-y-nexa-firman-alianza-de-cooperacion-a-favor-de-comunidades","status":"publish","type":"post","link":"https:\/\/nexa.homolog.dev.br\/es\/pnud-y-nexa-firman-alianza-de-cooperacion-a-favor-de-comunidades\/","title":{"rendered":"PNUD y Nexa firman alianza de cooperaci\u00f3n a favor de comunidades"},"content":{"rendered":"<p>Nexa anuncia la alianza de cooperaci\u00f3n estrat\u00e9gica con el Programa de las Naciones Unidas para el Desarrollo (PNUD) reafirmando as\u00ed su compromiso con las comunidades en sus zonas de influencia.<\/p>\n<p>&nbsp;<\/p>\n<p>A trav\u00e9s del Memor\u00e1ndum de Entendimiento (MoU), Nexa ratifica su compromiso con el desarrollo local en marco a los Objetivos de Desarrollo Sostenible (ODS).<\/p>\n<p>&nbsp;<\/p>\n<p><em>&#8220;En Nexa creemos en un enfoque con valor comunitario. Creemos que construir relaciones emp\u00e1ticas con las comunidades, cercanas, de valor compartido y ser un agente que impulse la transformaci\u00f3n social, con una perspectiva territorial es la clave&#8221;,<\/em>\u00a0comenta Ricardo Porto, CEO de Nexa.<\/p>\n<p>&nbsp;<\/p>\n<p>En ese contexto, PNUD y Nexa acuerdan actuar como socios estrat\u00e9gicos para la mejora de los \u00edndices de desarrollo humano en los territorios donde opera la compa\u00f1\u00eda.<\/p>\n<p>&nbsp;<\/p>\n<p><em>&#8220;Buscamos desarrollar una actividad minera en armon\u00eda con los modos tradicionales de vida, con el medio ambiente, con el desarrollo local, y hacer uso de la tecnolog\u00eda y la innovaci\u00f3n continua para mejorar nuestros procesos productivos y reducir las externalidades ambientales. Ese es nuestro prop\u00f3sito, hacer la miner\u00eda del futuro hoy&#8221;,<\/em>\u00a0finaliza Porto.<\/p>","protected":false},"excerpt":{"rendered":"<p>Nexa anuncia la alianza de cooperaci\u00f3n estrat\u00e9gica con el Programa de las Naciones Unidas para el Desarrollo (PNUD) reafirmando as\u00ed su compromiso con las comunidades en sus zonas de influencia. &nbsp; A trav\u00e9s del Memor\u00e1ndum de Entendimiento (MoU), Nexa ratifica su compromiso con el desarrollo local en marco a los Objetivos de Desarrollo Sostenible (ODS). [&hellip;]<\/p>\n","protected":false},"author":2,"featured_media":1074,"comment_status":"open","ping_status":"open","sticky":false,"template":"","format":"standard","meta":{"inline_featured_image":false,"footnotes":""},"categories":[115],"tags":[],"class_list":["post-3759","post","type-post","status-publish","format-standard","has-post-thumbnail","hentry","category-anuncios"],"acf":[],"_links":{"self":[{"href":"https:\/\/nexa.homolog.dev.br\/es\/wp-json\/wp\/v2\/posts\/3759","targetHints":{"allow":["GET"]}}],"collection":[{"href":"https:\/\/nexa.homolog.dev.br\/es\/wp-json\/wp\/v2\/posts"}],"about":[{"href":"https:\/\/nexa.homolog.dev.br\/es\/wp-json\/wp\/v2\/types\/post"}],"author":[{"embeddable":true,"href":"https:\/\/nexa.homolog.dev.br\/es\/wp-json\/wp\/v2\/users\/2"}],"replies":[{"embeddable":true,"href":"https:\/\/nexa.homolog.dev.br\/es\/wp-json\/wp\/v2\/comments?post=3759"}],"version-history":[{"count":2,"href":"https:\/\/nexa.homolog.dev.br\/es\/wp-json\/wp\/v2\/posts\/3759\/revisions"}],"predecessor-version":[{"id":3761,"href":"https:\/\/nexa.homolog.dev.br\/es\/wp-json\/wp\/v2\/posts\/3759\/revisions\/3761"}],"wp:featuredmedia":[{"embeddable":true,"href":"https:\/\/nexa.homolog.dev.br\/es\/wp-json\/wp\/v2\/media\/1074"}],"wp:attachment":[{"href":"https:\/\/nexa.homolog.dev.br\/es\/wp-json\/wp\/v2\/media?parent=3759"}],"wp:term":[{"taxonomy":"category","embeddable":true,"href":"https:\/\/nexa.homolog.dev.br\/es\/wp-json\/wp\/v2\/categories?post=3759"},{"taxonomy":"post_tag","embeddable":true,"href":"https:\/\/nexa.homolog.dev.br\/es\/wp-json\/wp\/v2\/tags?post=3759"}],"curies":[{"name":"wp","href":"https:\/\/api.w.org\/{rel}","templated":true}]}}